[{"@context":"https:\/\/schema.org\/","@type":"Article","@id":"https:\/\/www.aozpo.sk\/moja-dcera\/#Article","mainEntityOfPage":"https:\/\/www.aozpo.sk\/moja-dcera\/","headline":"Moja dc\u00e9ra","name":"Moja dc\u00e9ra","description":"Pred 6 rokmi som sa zozn\u00e1mila s priate\u013eom ( vz\u0165ah bol aj nebol harmonicky) ako to v\u0161ade chod\u00ed, m\u00e1m dc\u00e9ru 13 rokov-ju od za\u010diatku nemusel neviem pre\u010do chov\u00e1 sa v\u017edy k nemu slu\u0161ne, brala ho, dokonca ho mala aj rada &#8230; ale zhruba po 2 rokom vz\u0165ahu to za\u010dalo by\u0165 na ni\u010d &#8230;. priate\u013e za\u010dal [&hellip;]","datePublished":"2023-12-11","dateModified":"2024-03-11","author":{"@type":"Person","@id":"https:\/\/www.aozpo.sk\/author\/#Person","name":"","url":"https:\/\/www.aozpo.sk\/author\/","identifier":1,"image":{"@type":"ImageObject","@id":"https:\/\/secure.gravatar.com\/avatar\/d6cba3ab97c30e0df0e32548954cb6b1550f4672bd3a4687bf1118b122d757e8?s=96&d=mm&r=g","url":"https:\/\/secure.gravatar.com\/avatar\/d6cba3ab97c30e0df0e32548954cb6b1550f4672bd3a4687bf1118b122d757e8?s=96&d=mm&r=g","height":96,"width":96}},"publisher":{"@type":"Organization","name":"aozpo.sk","logo":{"@type":"ImageObject","@id":"\/logo.png","url":"\/logo.png","width":600,"height":60}},"image":{"@type":"ImageObject","@id":"https:\/\/www.aozpo.sk\/wp-content\/uploads\/pexels-pixabay-289262_10_10_10_10_10_5.jpg","url":"https:\/\/www.aozpo.sk\/wp-content\/uploads\/pexels-pixabay-289262_10_10_10_10_10_5.jpg","height":0,"width":0},"url":"https:\/\/www.aozpo.sk\/moja-dcera\/","about":["Spolo\u010dnos\u0165"],"wordCount":463,"articleBody":"Pred 6 rokmi som sa zozn\u00e1mila s priate\u013eom ( vz\u0165ah bol aj nebol harmonicky) ako to v\u0161ade chod\u00ed, m\u00e1m dc\u00e9ru 13 rokov-ju od za\u010diatku nemusel neviem pre\u010do chov\u00e1 sa v\u017edy k nemu slu\u0161ne, brala ho, dokonca ho mala aj rada &#8230; ale zhruba po 2 rokom vz\u0165ahu to za\u010dalo by\u0165 na ni\u010d &#8230;. priate\u013e za\u010dal pit, potom viac a viac, upozor\u0148ovala som ho \u017ee sa mi to nep\u00e1\u010di a \u017ee by mal presta\u0165 &#8230; t\u00fdm aj s\u00faviseli h\u00e1dky, v\u00fdmeny n\u00e1zoru, ve\u013eakr\u00e1t som ho aj vyhodila nech ide zo to nem\u00e1 cenu zo si n\u00e1s nev\u00e1\u017ei &#8230; potom som ho zaka\u017ed\u00fdm vzala nasp\u00e4\u0165 s t\u00fdm zo s\u013e\u00fabil zo pit nebude a zo zmen\u00ed spr\u00e1vanie &#8230; toto koliesko bolo tak 20 kr\u00e1t v\u017edy t\u00fd\u017ede\u0148 dva pokoj potom zase pitie h\u00e1dky v\u00fdmeny n\u00e1zoru a furt dookola, u\u017e je to 6 rokov \u2026teraz po\u010das mesiaca som si za\u010dala p\u00edsa\u0165 s kamar\u00e1tom (pozn\u00e1me sa Cca 7 rokov) len kamar\u00e1ti ni\u010d sme spolu nemali a p\u00edsal ako sa m\u00e1m \u010do \u017eivot a at\u010f\u2026.tak som sa mu vyp\u00edsala on priate\u013ea pozn\u00e1 tak\u017ee vie ak\u00fd je\u2026.on mi Pisa zo m\u0148a v\u017edy chcel preto nap\u00edsal aby mi to povedal \u017ee je dlho s\u00e1m a \u017ee by chcel kone\u010dne vz\u0165ah ktor\u00fd stoj\u00ed za to (mal tie\u017e na partnerky smulu) ka\u017ed\u00fd de\u0148 si p\u00ed\u0161eme, je ve\u013emi mil\u00fd dobr\u00fd aj na dc\u00e9ru sa por\u00e1d p\u00fdta. A ja teraz neviem, \u010di to m\u00e1m s priate\u013eom ukon\u010di\u0165 a sk\u00fasi\u0165 to s teraj\u0161\u00edm ( kamar\u00e1tom) alebo da\u0165 \u0161ancu tomu s ktor\u00fdm som \u2026 ide mi o to \u017ee som na neho zvykla aj dc\u00e9ra ke\u010f sme sa bavili tak hovorila zo tu nov\u00e9ho partnera nechce zo ich zvykla na toho s ktor\u00fdm som 6 rokov\u2026boj\u00edm sa aby som niesla z bl\u00e1ta do kalu\u017ee, st\u00e1le ho milujem\u2026on mi tie\u017e st\u00e1le hovor\u00ed ako ma miluje, alebo si da\u0165 pauzu a by\u0165 s dc\u00e9rou treba \u010das sama\u2026v\u00f4bec neviem som v koncoch a tr\u00e1pi ma to. Poslednou dobou m\u00e1m tie\u017e z t\u00fdchto depresi\u00ed probl\u00e9my so span\u00edm, zle sa mi zasp\u00e1va, nec\u00edtim sa dobre a vn\u00fatorne ma to \u00faplne pohlt\u00ed a ni\u010d\u00ed dal a dal. Fakt neviem, ako sa m\u00e1m v tejto situ\u00e1cii zachova\u0165, je to pre m\u0148a ve\u013emi \u0165a\u017ek\u00e9 a najrad\u0161ej by som u\u017e ni\u010d nerie\u0161ila, bol\u00ed ma zo v\u0161etk\u00e9ho srdca a to sa rozbilo na mili\u00f3n k\u00faskov.                                                                                                                                                                                                                                                                                                                                                                                                "},{"@context":"https:\/\/schema.org\/","@type":"BreadcrumbList","itemListElement":[{"@type":"ListItem","position":1,"name":"Moja dc\u00e9ra","item":"https:\/\/www.aozpo.sk\/moja-dcera\/#breadcrumbitem"}]}]