[{"@context":"https:\/\/schema.org\/","@type":"Article","@id":"https:\/\/www.aozpo.sk\/modne-trendy-mate-v-nich-prehlad\/#Article","mainEntityOfPage":"https:\/\/www.aozpo.sk\/modne-trendy-mate-v-nich-prehlad\/","headline":"M\u00f3dne trendy &#8211; m\u00e1te v nich preh\u013ead?","name":"M\u00f3dne trendy &#8211; m\u00e1te v nich preh\u013ead?","description":"Do ktorej skupiny patr\u00edte Vy? Do tej, ktor\u00e1 kr\u00e1\u010da ruka v\u00a0ruke s\u00a0m\u00f3dou a\u00a0v\u0161etk\u00fdmi jej v\u00fdstrelkami, ktor\u00e1 ma preh\u013ead o\u00a0ka\u017edej, aj tej najmen\u0161ej zmene a\u00a0ktor\u00e1 mus\u00ed by\u0165 zladen\u00e1 od hlavy a\u017e po p\u00e4ty predt\u00fdm ne\u017e vyjde z\u00a0domu, samozrejme po nieko\u013ekon\u00e1sobnom over\u00ed v\u00a0zrkadle alebo do tej, ktorej s\u00fa tieto veci ukradnut\u00e1 a\u00a0oble\u010die si na seba len to, [&hellip;]","datePublished":"2023-01-18","dateModified":"2023-01-18","author":{"@type":"Person","@id":"https:\/\/www.aozpo.sk\/author\/#Person","name":"","url":"https:\/\/www.aozpo.sk\/author\/","identifier":1,"image":{"@type":"ImageObject","@id":"https:\/\/secure.gravatar.com\/avatar\/d6cba3ab97c30e0df0e32548954cb6b1550f4672bd3a4687bf1118b122d757e8?s=96&d=mm&r=g","url":"https:\/\/secure.gravatar.com\/avatar\/d6cba3ab97c30e0df0e32548954cb6b1550f4672bd3a4687bf1118b122d757e8?s=96&d=mm&r=g","height":96,"width":96}},"publisher":{"@type":"Organization","name":"aozpo.sk","logo":{"@type":"ImageObject","@id":"\/logo.png","url":"\/logo.png","width":600,"height":60}},"image":{"@type":"ImageObject","@id":"https:\/\/www.aozpo.sk\/wp-content\/uploads\/free-photo-of-vonku-podpatky-opa.jpg","url":"https:\/\/www.aozpo.sk\/wp-content\/uploads\/free-photo-of-vonku-podpatky-opa.jpg","height":0,"width":0},"url":"https:\/\/www.aozpo.sk\/modne-trendy-mate-v-nich-prehlad\/","about":["M\u00f3da"],"wordCount":447,"articleBody":"Do ktorej skupiny patr\u00edte Vy? Do tej, ktor\u00e1 kr\u00e1\u010da ruka v\u00a0ruke s\u00a0m\u00f3dou a\u00a0v\u0161etk\u00fdmi jej v\u00fdstrelkami, ktor\u00e1 ma preh\u013ead o\u00a0ka\u017edej, aj tej najmen\u0161ej zmene a\u00a0ktor\u00e1 mus\u00ed by\u0165 zladen\u00e1 od hlavy a\u017e po p\u00e4ty predt\u00fdm ne\u017e vyjde z\u00a0domu, samozrejme po nieko\u013ekon\u00e1sobnom over\u00ed v\u00a0zrkadle alebo do tej, ktorej s\u00fa tieto veci ukradnut\u00e1 a\u00a0oble\u010die si na seba len to, v\u00a0\u010dom sa c\u00edti pohodlne a\u00a0pr\u00edjemne bez oh\u013eadu na to, \u010di sa aktu\u00e1lne nie\u010do tak\u00e9 nos\u00ed alebo nie? Nech patr\u00edte do ktorejko\u013evek z\u00a0t\u00fdchto dvoch skup\u00edn, jedno je ist\u00e9 \u2013 oblieka\u0165 sa treba, bez toho to nejde. \u010ci u\u017e patr\u00edte k\u00a0fan\u00fa\u0161ikom najnov\u0161\u00edch m\u00f3dnych trendov alebo sa dr\u017e\u00edte starej osved\u010denej klasiky, oble\u010denie je d\u00f4le\u017eit\u00e9. Teraz by ma mo\u017eno pr\u00edvr\u017eenci najnov\u0161\u00edch k\u00faskov mo\u017eno najrad\u0161ej ukame\u0148ovali, no pravdou je, \u017ee v\u00f4bec nie je d\u00f4le\u017eit\u00e9 to, \u010do m\u00e1te pr\u00e1ve na sebe oble\u010den\u00e9. Je \u00faplne jedno, \u010di s\u00fa to \u0161aty ktor\u00e9 ste si priniesli cel\u00e9 pre\u0161\u0165astn\u00e9 v\u010dera z\u00a0obchodu alebo ob\u013e\u00faben\u00e9 tri\u010dko, ktor\u00e9ho sa nechcete vzda\u0165 ani po dlh\u0161om \u010dase. D\u00f4le\u017eit\u00e9 je iba to, aby bolo Va\u0161e oble\u010denie \u010dist\u00e9 a\u00a0vo\u0148av\u00e9 bez oh\u013eadu na to, \u010di na \u0148om svieti nejak\u00e1 zn\u00e1ma m\u00f3dna zna\u010dka alebo nie. Samozrejme je dobr\u00e9 bra\u0165 oh\u013ead na to, kam sa v\u00a0tom oble\u010den\u00ed chyst\u00e1te \u2013 inak sa predsa oble\u010diete do pr\u00e1ce alebo do mesta a\u00a0inak len tak so svojim psom na prech\u00e1dzku. No ak m\u00e1te rad\u0161ej klasiku a\u00a0oble\u010denie v\u00a0ktorom sa c\u00edtite komfortne, nemus\u00edte sa ho vzd\u00e1va\u0165 len preto, \u017ee u\u017e nie je v\u00a0m\u00f3de a\u00a0aktu\u00e1lne m\u00f3dne trendy s\u00fa niekde \u00faplne inde. V\u00a0pr\u00edpade m\u00f3dy a\u00a0samotn\u00e9ho oble\u010denia by malo plati\u0165 \u2013 daj si na seba to, v\u00a0\u010dom ti je dobre, v\u00a0\u010dom sa c\u00edti\u0161 uvo\u013enene, v\u00a0\u010dom si spokojn\u00fd, len tak bude\u0161 spokojn\u00fd aj navonok. \u010co m\u00e1me zo super modern\u00e9ho oble\u010denia, ke\u010f sa v\u00a0\u0148om m\u00e1me c\u00edti\u0165 stiesnene, alebo z\u00a0m\u00f3dnych k\u00faskov, ktor\u00e9 sa n\u00e1m v\u00f4bec nep\u00e1\u010dia a\u00a0nie sme s\u00a0aktu\u00e1lnym druhom oble\u010denia v\u00f4bec stoto\u017enen\u00fd? Ni\u010d, len pocit, \u017ee mo\u017eno niekde zapadneme, no m\u00e1 to aj druh\u00fa str\u00e1nku \u2013 ur\u010dite sa v\u00f4bec nebudeme c\u00edti\u0165 sami sebou, uvo\u013enene a\u00a0slobodne.                                                                                                                                                                                                                                                                                                                                                                                                 "},{"@context":"https:\/\/schema.org\/","@type":"BreadcrumbList","itemListElement":[{"@type":"ListItem","position":1,"name":"M\u00f3dne trendy &#8211; m\u00e1te v nich preh\u013ead?","item":"https:\/\/www.aozpo.sk\/modne-trendy-mate-v-nich-prehlad\/#breadcrumbitem"}]}]